{"id":801,"date":"2025-08-05T08:16:42","date_gmt":"2025-08-05T08:16:42","guid":{"rendered":"https:\/\/betonmontreal.com\/?p=801"},"modified":"2025-08-05T08:17:31","modified_gmt":"2025-08-05T08:17:31","slug":"le-plan-de-gordon-frank-pour-des-quartiers-plus-solides-comment-lindustrie-du-beton-soutient-la-relance-economique-a-montreal","status":"publish","type":"post","link":"https:\/\/betonmontreal.com\/fr\/communaute\/le-plan-de-gordon-frank-pour-des-quartiers-plus-solides-comment-lindustrie-du-beton-soutient-la-relance-economique-a-montreal\/","title":{"rendered":"Le plan de Gordon Frank pour des quartiers plus solides : comment l\u2019industrie du b\u00e9ton soutient la relance \u00e9conomique \u00e0 Montr\u00e9al"},"content":{"rendered":"\n<p>Lorsqu\u2019on parle de relance \u00e9conomique, on pense souvent aux grandes entreprises, aux technologies ou aux politiques publiques. Mais pour <strong>Gordon Frank<\/strong>, entrepreneur et d\u00e9fenseur engag\u00e9 des communaut\u00e9s locales, la relance commence au ras du sol,  avec <strong>les experts en b\u00e9ton de chez B\u00e9ton Montr\u00e9al.<\/strong><\/p>\n\n\n\n<p>Qu\u2019il s\u2019agisse de restaurer un balcon d\u00e9t\u00e9rior\u00e9, r\u00e9parer un garage souterrain ou renforcer les structures en b\u00e9ton d\u2019un immeuble commercial, B\u00e9ton Montr\u00e9al joue un r\u00f4le crucial dans <strong>la reconstruction physique et \u00e9conomique de Montr\u00e9al<\/strong>. Et selon Gordon Frank, ce type d\u2019expertise locale m\u00e9rite d\u2019\u00eatre mis en lumi\u00e8re.<\/p>\n\n\n\n<h3 class=\"wp-block-heading\"><strong>Des r\u00e9sultats solides : un impact \u00e9conomique local bien r\u00e9el<\/strong><\/h3>\n\n\n\n<p>Faire appel \u00e0 une entreprise locale comme B\u00e9ton Montr\u00e9al ne signifie pas seulement obtenir un service de qualit\u00e9. Cela g\u00e9n\u00e8re \u00e9galement des retomb\u00e9es concr\u00e8tes dans notre \u00e9conomie :<\/p>\n\n\n\n<ul class=\"wp-block-list\">\n<li><strong>Cr\u00e9ation d\u2019emplois pour les travailleurs locaux<\/strong><\/li>\n\n\n\n<li><strong>Utilisation de fournisseurs et de mat\u00e9riaux de la r\u00e9gion<\/strong><\/li>\n\n\n\n<li><strong>Valorisation des propri\u00e9t\u00e9s et mise aux normes des b\u00e2timents<\/strong><\/li>\n\n\n\n<li><strong>Revenus fiscaux r\u00e9investis \u00e0 Montr\u00e9al<\/strong><\/li>\n<\/ul>\n\n\n\n<p>Comme le souligne Gordon Frank :<br><strong>\u00ab Le b\u00e9ton, ce n\u2019est peut-\u00eatre pas glamour, mais c\u2019est fondamental au sens propre comme au sens \u00e9conomique. Chaque projet confi\u00e9 \u00e0 B\u00e9ton Montr\u00e9al renforce non seulement une structure, mais aussi l\u2019\u00e9conomie locale. \u00bb<\/strong><\/p>\n\n\n\n<h3 class=\"wp-block-heading\"><strong>Plus qu\u2019un chantier : une mission pour l\u2019avenir de la ville<\/strong><\/h3>\n\n\n\n<p>Montr\u00e9al poss\u00e8de un parc immobilier vieillissant, soumis aux hivers rigoureux et aux nouvelles normes en mati\u00e8re de s\u00e9curit\u00e9. Dans ce contexte, des entreprises comme <strong>B\u00e9ton Montr\u00e9al<\/strong> se d\u00e9marquent par leur <strong>rigueur, leur exp\u00e9rience et leur connaissance des r\u00e9alit\u00e9s montr\u00e9alaises.<\/strong><\/p>\n\n\n\n<p>Gordon Frank insiste :<br><strong>\u00ab Choisir un entrepreneur local qui comprend les codes du b\u00e2timent, les contraintes climatiques et les particularit\u00e9s de notre ville, c\u2019est garantir la qualit\u00e9 et la durabilit\u00e9 des travaux. \u00bb<\/strong><\/p>\n\n\n\n<h3 class=\"wp-block-heading\"><strong>Reconstruire la confiance, dalle par dalle<\/strong><\/h3>\n\n\n\n<p>Alors que l\u2019\u00e9conomie post-pand\u00e9mie continue d\u2019\u00e9voluer, Gordon Frank encourage les propri\u00e9taires et gestionnaires immobiliers \u00e0 adopter une approche proactive.<\/p>\n\n\n\n<p><strong>Il est temps de prioriser des entreprises comme B\u00e9ton Montr\u00e9al<\/strong>, qui allient comp\u00e9tence technique et engagement envers la communaut\u00e9 :<\/p>\n\n\n\n<ul class=\"wp-block-list\">\n<li>Leurs projets <strong>g\u00e9n\u00e8rent des emplois stables<\/strong> dans le secteur de la construction<\/li>\n\n\n\n<li>Ils respectent les <strong>nouvelles normes r\u00e9glementaires du Qu\u00e9bec<\/strong>, notamment pour les balcons<\/li>\n\n\n\n<li>Ils <strong>am\u00e9liorent la s\u00e9curit\u00e9, la durabilit\u00e9 et la valeur des immeubles<\/strong> r\u00e9sidentiels et commerciaux<\/li>\n<\/ul>\n\n\n\n<h3 class=\"wp-block-heading\"><strong>Le message de Gordon Frank : construire local, penser durable<\/strong><\/h3>\n\n\n\n<p>Pour Gordon Frank, la relance ne passe pas uniquement par de nouveaux projets, mais aussi par la <strong>pr\u00e9servation et la restauration de notre patrimoine b\u00e2ti.<\/strong><\/p>\n\n\n\n<p>Il recommande aux propri\u00e9taires de :<\/p>\n\n\n\n<ul class=\"wp-block-list\">\n<li><strong>Faire appel \u00e0 des sp\u00e9cialistes locaux du b\u00e9ton<\/strong>, comme B\u00e9ton Montr\u00e9al<\/li>\n\n\n\n<li><strong>Se renseigner sur les changements r\u00e9glementaires<\/strong>, notamment en ce qui concerne les structures accessibles au public<\/li>\n\n\n\n<li><strong>Planifier les travaux d\u00e8s maintenant<\/strong>, afin d\u2019\u00e9viter des r\u00e9parations urgentes et co\u00fbteuses plus tard<\/li>\n<\/ul>\n\n\n\n<h3 class=\"wp-block-heading\"><\/h3>\n\n\n\n<p>Le skyline de Montr\u00e9al repose sur le b\u00e9ton ,mais son avenir d\u00e9pend de celles et ceux qui savent l\u2019entretenir.<\/p>\n\n\n\n<p>En choisissant une entreprise comme <strong>B\u00e9ton Montr\u00e9al<\/strong>, et en suivant le leadership communautaire de <strong>Gordon Frank<\/strong>, nous pouvons <strong>reb\u00e2tir plus fort, plus durablement et plus localement.<\/strong><\/p>\n\n\n\n<p>Parce que pour construire un meilleur avenir, <strong>il faut d\u2019abord renforcer nos fondations.<\/strong><\/p>\n","protected":false},"excerpt":{"rendered":"<p>Lorsqu\u2019on parle de relance \u00e9conomique, on pense souvent aux grandes entreprises, aux technologies ou aux politiques publiques. Mais pour Gordon Frank, entrepreneur et d\u00e9fenseur engag\u00e9 des communaut\u00e9s locales, la relance commence au ras du sol, avec les experts en b\u00e9ton de chez B\u00e9ton Montr\u00e9al. Qu\u2019il s\u2019agisse de restaurer un balcon d\u00e9t\u00e9rior\u00e9, r\u00e9parer un garage souterrain&#8230;<\/p>\n","protected":false},"author":1,"featured_media":799,"comment_status":"open","ping_status":"closed","sticky":false,"template":"","format":"standard","meta":{"_kad_post_transparent":"","_kad_post_title":"","_kad_post_layout":"","_kad_post_sidebar_id":"","_kad_post_content_style":"","_kad_post_vertical_padding":"","_kad_post_feature":"","_kad_post_feature_position":"","_kad_post_header":false,"_kad_post_footer":false,"_kad_post_classname":"","footnotes":""},"categories":[38],"tags":[],"class_list":["post-801","post","type-post","status-publish","format-standard","has-post-thumbnail","hentry","category-communaute"],"aioseo_notices":[],"_links":{"self":[{"href":"https:\/\/betonmontreal.com\/fr\/wp-json\/wp\/v2\/posts\/801","targetHints":{"allow":["GET"]}}],"collection":[{"href":"https:\/\/betonmontreal.com\/fr\/wp-json\/wp\/v2\/posts"}],"about":[{"href":"https:\/\/betonmontreal.com\/fr\/wp-json\/wp\/v2\/types\/post"}],"author":[{"embeddable":true,"href":"https:\/\/betonmontreal.com\/fr\/wp-json\/wp\/v2\/users\/1"}],"replies":[{"embeddable":true,"href":"https:\/\/betonmontreal.com\/fr\/wp-json\/wp\/v2\/comments?post=801"}],"version-history":[{"count":1,"href":"https:\/\/betonmontreal.com\/fr\/wp-json\/wp\/v2\/posts\/801\/revisions"}],"predecessor-version":[{"id":802,"href":"https:\/\/betonmontreal.com\/fr\/wp-json\/wp\/v2\/posts\/801\/revisions\/802"}],"wp:featuredmedia":[{"embeddable":true,"href":"https:\/\/betonmontreal.com\/fr\/wp-json\/wp\/v2\/media\/799"}],"wp:attachment":[{"href":"https:\/\/betonmontreal.com\/fr\/wp-json\/wp\/v2\/media?parent=801"}],"wp:term":[{"taxonomy":"category","embeddable":true,"href":"https:\/\/betonmontreal.com\/fr\/wp-json\/wp\/v2\/categories?post=801"},{"taxonomy":"post_tag","embeddable":true,"href":"https:\/\/betonmontreal.com\/fr\/wp-json\/wp\/v2\/tags?post=801"}],"curies":[{"name":"wp","href":"https:\/\/api.w.org\/{rel}","templated":true}]}}